{"id":1876,"date":"2026-01-14T16:33:47","date_gmt":"2026-01-14T19:33:47","guid":{"rendered":"https:\/\/scientia.international\/?p=1876"},"modified":"2026-01-14T18:00:04","modified_gmt":"2026-01-14T21:00:04","slug":"emergencias-na-amazonia-chamam-para-capitulos-2026","status":"publish","type":"post","link":"https:\/\/scientia.international\/pt\/amazonian-emergencies-call-for-chapters-2026\/","title":{"rendered":"Chamada para Cap\u00edtulos de Livros | Emerg\u00eancias Amaz\u00f4nicas: Conflitos, Resist\u00eancias e Reexist\u00eancias"},"content":{"rendered":"<h3 class=\"wp-block-heading\"><strong>Scientia Global Editions: CLAEC e-Books<\/strong><\/h3>\n\n\n\n<p><strong>Scientia International Press<\/strong>, em parceria com <strong>Editora CLAEC (Centro Latino-Americano de Estudos em Cultura)<\/strong>, anuncia o <strong>Chamada para cap\u00edtulos<\/strong> para o volume coletivo:<\/p>\n\n\n\n<p><strong>Emerg\u00eancias na Amaz\u00f4nia: Conflicts, Resistances, and Reexistences (Conflitos, Resist\u00eancias e Reexist\u00eancias)<\/strong><\/p>\n\n\n\n<p>Este livro faz parte do <strong>Scientia Global Editions: CLAEC e-Books<\/strong> e convida contribui\u00e7\u00f5es cr\u00edticas, interdisciplinares e engajadas que abordem as m\u00faltiplas crises, conflitos e formas de resist\u00eancia que moldam as amazonas contempor\u00e2neas.<\/p>\n\n\n\n<hr class=\"wp-block-separator has-alpha-channel-opacity\"\/>\n\n\n\n<h3 class=\"wp-block-heading\"><strong>Sobre o livro<\/strong><\/h3>\n\n\n\n<p>O volume procura reunir <strong>pesquisadores, educadores, ativistas e profissionais de pol\u00edticas p\u00fablicas<\/strong> interessados na din\u00e2mica socioambiental, territorial e pol\u00edtica das regi\u00f5es amaz\u00f4nicas.<\/p>\n\n\n\n<p>As contribui\u00e7\u00f5es devem examinar criticamente os <strong>viol\u00eancia estrutural, press\u00f5es extrativistas e governan\u00e7a militarizada<\/strong> que afeta as amazonas, ao mesmo tempo em que destaca <strong>formas de resist\u00eancia, re-exist\u00eancia e alternativas ontol\u00f3gicas<\/strong> desenvolvidos por povos ind\u00edgenas, comunidades tradicionais e movimentos ambientais.<\/p>\n\n\n\n<p>O livro aceita cap\u00edtulos te\u00f3ricos, emp\u00edricos, metodol\u00f3gicos e reflexivos baseados na <strong>Ci\u00eancias sociais, ci\u00eancias humanas, educa\u00e7\u00e3o, estudos ambientais e \u00e1reas afins<\/strong>.<\/p>\n\n\n\n<hr class=\"wp-block-separator has-alpha-channel-opacity\"\/>\n\n\n\n<h3 class=\"wp-block-heading\"><strong>Eixos tem\u00e1ticos (n\u00e3o exaustivos)<\/strong><\/h3>\n\n\n\n<ul class=\"wp-block-list\">\n<li>Expans\u00e3o do agroneg\u00f3cio, minera\u00e7\u00e3o e economias extrativistas<\/li>\n\n\n\n<li>Conflitos territoriais e viol\u00eancia socioambiental<\/li>\n\n\n\n<li>Militariza\u00e7\u00e3o, pol\u00edticas de seguran\u00e7a e governan\u00e7a de fronteiras<\/li>\n\n\n\n<li>Povos ind\u00edgenas, comunidades tradicionais e direitos coletivos<\/li>\n\n\n\n<li>Reexist\u00eancias ontol\u00f3gicas e vis\u00f5es de mundo alternativas<\/li>\n\n\n\n<li>Mobiliza\u00e7\u00f5es legais, justi\u00e7a ambiental e lutas baseadas em direitos<\/li>\n\n\n\n<li>Autogest\u00e3o comunit\u00e1ria e governan\u00e7a de base<\/li>\n\n\n\n<li>Epistemologias do Sul, estudos decoloniais e teoria social cr\u00edtica<\/li>\n<\/ul>\n\n\n\n<hr class=\"wp-block-separator has-alpha-channel-opacity\"\/>\n\n\n\n<h3 class=\"wp-block-heading\"><strong>Editores<\/strong><\/h3>\n\n\n\n<ul class=\"wp-block-list\">\n<li><strong>Eu. Anselmo Gon\u00e7alves da Silva<\/strong> (IFAC, Brasil)<\/li>\n\n\n\n<li><strong>Dr. Daniel Belik<\/strong> (UFAC, Brasil)<\/li>\n\n\n\n<li><strong>Dra. Rachel Dourado da Silva<\/strong> (IFAP, Brasil)<\/li>\n<\/ul>\n\n\n\n<hr class=\"wp-block-separator has-alpha-channel-opacity\"\/>\n\n\n\n<h3 class=\"wp-block-heading\"><strong>Quem pode enviar<\/strong><\/h3>\n\n\n\n<ul class=\"wp-block-list\">\n<li>Autores com <strong>um grau acad\u00eamico m\u00ednimo de mestrado<\/strong> (com ou sem afilia\u00e7\u00e3o institucional)<\/li>\n\n\n\n<li>Os cap\u00edtulos podem incluir <strong>coautoria com candidatos a doutorado, alunos de mestrado ou alunos de gradua\u00e7\u00e3o<\/strong><\/li>\n\n\n\n<li>M\u00e1ximo de <strong>cinco autores por cap\u00edtulo<\/strong><\/li>\n<\/ul>\n\n\n\n<hr class=\"wp-block-separator has-alpha-channel-opacity\"\/>\n\n\n\n<h3 class=\"wp-block-heading\"><strong>Idiomas e publica\u00e7\u00f5es multil\u00edngues<\/strong><\/h3>\n\n\n\n<ul class=\"wp-block-list\">\n<li>Submiss\u00f5es aceitas em <strong>Portugu\u00eas, espanhol, ingl\u00eas ou franc\u00eas<\/strong><\/li>\n\n\n\n<li>Todos os cap\u00edtulos aceitos ser\u00e3o <strong>traduzido automaticamente para outro idioma<\/strong>, <strong>sem custo<\/strong><\/li>\n\n\n\n<li>Cada cap\u00edtulo recebe um <strong>DOI individual<\/strong><\/li>\n\n\n\n<li>O e-book receber\u00e1 um <strong>ISBN registrado na Espanha<\/strong><\/li>\n<\/ul>\n\n\n\n<hr class=\"wp-block-separator has-alpha-channel-opacity\"\/>\n\n\n\n<h3 class=\"wp-block-heading\"><strong>Modelo de publica\u00e7\u00e3o e cronograma<\/strong><\/h3>\n\n\n\n<ul class=\"wp-block-list\">\n<li><strong>Fluxo cont\u00ednuo de publica\u00e7\u00f5es<\/strong><\/li>\n\n\n\n<li>Os cap\u00edtulos aprovados s\u00e3o publicados no <strong>Plataforma OMP em at\u00e9 15 dias \u00fateis<\/strong> ap\u00f3s o pagamento da APC e o envio da vers\u00e3o final<\/li>\n\n\n\n<li>O <strong>volume consolidado completo<\/strong> ser\u00e1 publicado pela <strong>31 de maio de 2026<\/strong><\/li>\n<\/ul>\n\n\n\n<hr class=\"wp-block-separator has-alpha-channel-opacity\"\/>\n\n\n\n<h3 class=\"wp-block-heading\"><strong>Taxas de publica\u00e7\u00e3o (por cap\u00edtulo aprovado)<\/strong><\/h3>\n\n\n\n<ul class=\"wp-block-list\">\n<li><strong>Institui\u00e7\u00f5es no Brasil:<\/strong> R$ 400,00<\/li>\n\n\n\n<li><strong>Institui\u00e7\u00f5es fora do Brasil:<\/strong> \u20ac250.00<\/li>\n\n\n\n<li><strong>Institui\u00e7\u00f5es sediadas em pa\u00edses amaz\u00f4nicos:<\/strong> R$ 400,00<\/li>\n<\/ul>\n\n\n\n<hr class=\"wp-block-separator has-alpha-channel-opacity\"\/>\n\n\n\n<h3 class=\"wp-block-heading\"><strong>Principais datas e informa\u00e7\u00f5es<\/strong><\/h3>\n\n\n\n<p>\ud83d\udcc5 <strong>Prazo para envio:<\/strong> 31 de mar\u00e7o de 2026<br>\ud83d\udcd8 <strong>Publica\u00e7\u00e3o bil\u00edngue e de acesso aberto<\/strong><br>\ud83d\udcc4 <strong>Licen\u00e7a:<\/strong> Creative Commons CC BY-NC 4.0<\/p>\n\n\n\n<hr class=\"wp-block-separator has-alpha-channel-opacity\"\/>\n\n\n\n<h3 class=\"wp-block-heading\"><strong>Envio e links<\/strong><\/h3>\n\n\n\n<p>\ud83d\udcbb <strong>Envie seu cap\u00edtulo:<\/strong><br><a href=\"https:\/\/forms.office.com\/r\/EV8JX3yAFA\">https:\/\/forms.office.com\/r\/EV8JX3yAFA<\/a><\/p>\n\n\n\n<p>\ud83d\udce5 <strong>Veja esta e outras chamadas abertas:<\/strong><br><a href=\"https:\/\/press.scientia.international\/press\/callsclaec\">https:\/\/press.scientia.international\/press\/callsclaec<\/a><\/p>\n\n\n\n<p>\ud83d\udce7 <strong>Contato:<\/strong><br><a>press@scientia.international<\/a><\/p>\n\n\n\n<p><\/p>","protected":false},"excerpt":{"rendered":"<p>Chamada para cap\u00edtulos sobre conflitos, resist\u00eancias e reexist\u00eancias na Amaz\u00f4nia. E-book de acesso aberto com DOI, ISBN e publica\u00e7\u00e3o bil\u00edngue.<\/p>","protected":false},"author":1,"featured_media":1881,"comment_status":"open","ping_status":"open","sticky":false,"template":"","format":"standard","meta":{"_mo_disable_npp":"","om_disable_all_campaigns":false,"_monsterinsights_skip_tracking":false,"_monsterinsights_sitenote_active":false,"_monsterinsights_sitenote_note":"","_monsterinsights_sitenote_category":0,"_uf_show_specific_survey":0,"_uf_disable_surveys":false,"footnotes":""},"categories":[16,72,1],"tags":[74,73,76,75,77],"class_list":["post-1876","post","type-post","status-publish","format-standard","has-post-thumbnail","hentry","category-articles","category-calls-ebooks","category-news","tag-amazonian-conflicts","tag-amazonian-emergencies-call-for-chapters","tag-decolonial-studies-amazon","tag-indigenous-resistance","tag-socioenvironmental-conflicts"],"yoast_head":"<!-- This site is optimized with the Yoast SEO plugin v27.5 - https:\/\/yoast.com\/product\/yoast-seo-wordpress\/ -->\n<title>Call for Book Chapters | Amazonian Emergencies: Conflicts, Resistances, and Reexistences - Scientia International<\/title>\n<meta name=\"robots\" content=\"index, follow, max-snippet:-1, max-image-preview:large, max-video-preview:-1\" \/>\n<link rel=\"canonical\" href=\"https:\/\/scientia.international\/pt\/emergencias-na-amazonia-chamam-para-capitulos-2026\/\" \/>\n<meta property=\"og:locale\" content=\"pt_BR\" \/>\n<meta property=\"og:type\" content=\"article\" \/>\n<meta property=\"og:title\" content=\"Call for Book Chapters | Amazonian Emergencies: Conflicts, Resistances, and Reexistences - Scientia International\" \/>\n<meta property=\"og:description\" content=\"Call for chapters on Amazonian conflicts, resistances, and reexistences. Open-access e-book with DOI, ISBN, and bilingual publication.\" \/>\n<meta property=\"og:url\" content=\"https:\/\/scientia.international\/pt\/emergencias-na-amazonia-chamam-para-capitulos-2026\/\" \/>\n<meta property=\"og:site_name\" content=\"Scientia International\" \/>\n<meta property=\"article:published_time\" content=\"2026-01-14T19:33:47+00:00\" \/>\n<meta property=\"article:modified_time\" content=\"2026-01-14T21:00:04+00:00\" \/>\n<meta property=\"og:image\" content=\"https:\/\/scientia.international\/wp-content\/uploads\/2026\/01\/3.png\" \/>\n\t<meta property=\"og:image:width\" content=\"1080\" \/>\n\t<meta property=\"og:image:height\" content=\"1080\" \/>\n\t<meta property=\"og:image:type\" content=\"image\/png\" \/>\n<meta name=\"author\" content=\"info@scientia.international\" \/>\n<meta name=\"twitter:card\" content=\"summary_large_image\" \/>\n<meta name=\"twitter:label1\" content=\"Escrito por\" \/>\n\t<meta name=\"twitter:data1\" content=\"info@scientia.international\" \/>\n\t<meta name=\"twitter:label2\" content=\"Est. tempo de leitura\" \/>\n\t<meta name=\"twitter:data2\" content=\"2 minutos\" \/>\n<script type=\"application\/ld+json\" class=\"yoast-schema-graph\">{\"@context\":\"https:\\\/\\\/schema.org\",\"@graph\":[{\"@type\":\"Article\",\"@id\":\"https:\\\/\\\/scientia.international\\\/amazonian-emergencies-call-for-chapters-2026\\\/#article\",\"isPartOf\":{\"@id\":\"https:\\\/\\\/scientia.international\\\/amazonian-emergencies-call-for-chapters-2026\\\/\"},\"author\":{\"name\":\"info@scientia.international\",\"@id\":\"https:\\\/\\\/scientia.international\\\/es\\\/#\\\/schema\\\/person\\\/72413c609c997e2c4361d47310a95bc3\"},\"headline\":\"Call for Book Chapters | Amazonian Emergencies: Conflicts, Resistances, and Reexistences\",\"datePublished\":\"2026-01-14T19:33:47+00:00\",\"dateModified\":\"2026-01-14T21:00:04+00:00\",\"mainEntityOfPage\":{\"@id\":\"https:\\\/\\\/scientia.international\\\/amazonian-emergencies-call-for-chapters-2026\\\/\"},\"wordCount\":412,\"commentCount\":0,\"image\":{\"@id\":\"https:\\\/\\\/scientia.international\\\/amazonian-emergencies-call-for-chapters-2026\\\/#primaryimage\"},\"thumbnailUrl\":\"https:\\\/\\\/scientia.international\\\/wp-content\\\/uploads\\\/2026\\\/01\\\/3.png\",\"keywords\":[\"Amazonian conflicts\",\"Amazonian Emergencies Call for Chapters\",\"Decolonial studies Amazon\",\"Indigenous resistance\",\"Socioenvironmental conflicts\"],\"articleSection\":[\"Articles\",\"Calls e-books\",\"News\"],\"inLanguage\":\"pt-BR\",\"potentialAction\":[{\"@type\":\"CommentAction\",\"name\":\"Comment\",\"target\":[\"https:\\\/\\\/scientia.international\\\/amazonian-emergencies-call-for-chapters-2026\\\/#respond\"]}]},{\"@type\":\"WebPage\",\"@id\":\"https:\\\/\\\/scientia.international\\\/amazonian-emergencies-call-for-chapters-2026\\\/\",\"url\":\"https:\\\/\\\/scientia.international\\\/amazonian-emergencies-call-for-chapters-2026\\\/\",\"name\":\"Call for Book Chapters | Amazonian Emergencies: Conflicts, Resistances, and Reexistences - Scientia International\",\"isPartOf\":{\"@id\":\"https:\\\/\\\/scientia.international\\\/es\\\/#website\"},\"primaryImageOfPage\":{\"@id\":\"https:\\\/\\\/scientia.international\\\/amazonian-emergencies-call-for-chapters-2026\\\/#primaryimage\"},\"image\":{\"@id\":\"https:\\\/\\\/scientia.international\\\/amazonian-emergencies-call-for-chapters-2026\\\/#primaryimage\"},\"thumbnailUrl\":\"https:\\\/\\\/scientia.international\\\/wp-content\\\/uploads\\\/2026\\\/01\\\/3.png\",\"datePublished\":\"2026-01-14T19:33:47+00:00\",\"dateModified\":\"2026-01-14T21:00:04+00:00\",\"author\":{\"@id\":\"https:\\\/\\\/scientia.international\\\/es\\\/#\\\/schema\\\/person\\\/72413c609c997e2c4361d47310a95bc3\"},\"breadcrumb\":{\"@id\":\"https:\\\/\\\/scientia.international\\\/amazonian-emergencies-call-for-chapters-2026\\\/#breadcrumb\"},\"inLanguage\":\"pt-BR\",\"potentialAction\":[{\"@type\":\"ReadAction\",\"target\":[\"https:\\\/\\\/scientia.international\\\/amazonian-emergencies-call-for-chapters-2026\\\/\"]}]},{\"@type\":\"ImageObject\",\"inLanguage\":\"pt-BR\",\"@id\":\"https:\\\/\\\/scientia.international\\\/amazonian-emergencies-call-for-chapters-2026\\\/#primaryimage\",\"url\":\"https:\\\/\\\/scientia.international\\\/wp-content\\\/uploads\\\/2026\\\/01\\\/3.png\",\"contentUrl\":\"https:\\\/\\\/scientia.international\\\/wp-content\\\/uploads\\\/2026\\\/01\\\/3.png\",\"width\":1080,\"height\":1080,\"caption\":\"Call for chapters: Amazonian Emergencies: Conflicts, Resistances, and Reexistences. Submission deadline: 31 March 2026.\"},{\"@type\":\"BreadcrumbList\",\"@id\":\"https:\\\/\\\/scientia.international\\\/amazonian-emergencies-call-for-chapters-2026\\\/#breadcrumb\",\"itemListElement\":[{\"@type\":\"ListItem\",\"position\":1,\"name\":\"Home\",\"item\":\"https:\\\/\\\/scientia.international\\\/\"},{\"@type\":\"ListItem\",\"position\":2,\"name\":\"Call for Book Chapters | Amazonian Emergencies: Conflicts, Resistances, and Reexistences\"}]},{\"@type\":\"WebSite\",\"@id\":\"https:\\\/\\\/scientia.international\\\/es\\\/#website\",\"url\":\"https:\\\/\\\/scientia.international\\\/es\\\/\",\"name\":\"Scientia International\",\"description\":\"Global science in open access!\",\"potentialAction\":[{\"@type\":\"SearchAction\",\"target\":{\"@type\":\"EntryPoint\",\"urlTemplate\":\"https:\\\/\\\/scientia.international\\\/es\\\/?s={search_term_string}\"},\"query-input\":{\"@type\":\"PropertyValueSpecification\",\"valueRequired\":true,\"valueName\":\"search_term_string\"}}],\"inLanguage\":\"pt-BR\"},{\"@type\":\"Person\",\"@id\":\"https:\\\/\\\/scientia.international\\\/es\\\/#\\\/schema\\\/person\\\/72413c609c997e2c4361d47310a95bc3\",\"name\":\"info@scientia.international\",\"image\":{\"@type\":\"ImageObject\",\"inLanguage\":\"pt-BR\",\"@id\":\"https:\\\/\\\/secure.gravatar.com\\\/avatar\\\/e2905ee8e35925155fce60b7ab0b06923ef51a5547a4e83709855cbfb3156cad?s=96&d=mm&r=g\",\"url\":\"https:\\\/\\\/secure.gravatar.com\\\/avatar\\\/e2905ee8e35925155fce60b7ab0b06923ef51a5547a4e83709855cbfb3156cad?s=96&d=mm&r=g\",\"contentUrl\":\"https:\\\/\\\/secure.gravatar.com\\\/avatar\\\/e2905ee8e35925155fce60b7ab0b06923ef51a5547a4e83709855cbfb3156cad?s=96&d=mm&r=g\",\"caption\":\"info@scientia.international\"},\"sameAs\":[\"https:\\\/\\\/scientia.international\"],\"url\":\"https:\\\/\\\/scientia.international\\\/pt\\\/author\\\/infoscientia-international\\\/\"}]}<\/script>\n<!-- \/ Yoast SEO plugin. -->","yoast_head_json":{"title":"Chamada para Cap\u00edtulos de Livros | Emerg\u00eancias Amaz\u00f4nicas: Conflitos, Resist\u00eancias e Reexist\u00eancias - Scientia International","robots":{"index":"index","follow":"follow","max-snippet":"max-snippet:-1","max-image-preview":"max-image-preview:large","max-video-preview":"max-video-preview:-1"},"canonical":"https:\/\/scientia.international\/pt\/emergencias-na-amazonia-chamam-para-capitulos-2026\/","og_locale":"pt_BR","og_type":"article","og_title":"Call for Book Chapters | Amazonian Emergencies: Conflicts, Resistances, and Reexistences - Scientia International","og_description":"Call for chapters on Amazonian conflicts, resistances, and reexistences. Open-access e-book with DOI, ISBN, and bilingual publication.","og_url":"https:\/\/scientia.international\/pt\/emergencias-na-amazonia-chamam-para-capitulos-2026\/","og_site_name":"Scientia International","article_published_time":"2026-01-14T19:33:47+00:00","article_modified_time":"2026-01-14T21:00:04+00:00","og_image":[{"width":1080,"height":1080,"url":"https:\/\/scientia.international\/wp-content\/uploads\/2026\/01\/3.png","type":"image\/png"}],"author":"info@scientia.international","twitter_card":"summary_large_image","twitter_misc":{"Escrito por":"info@scientia.international","Est. tempo de leitura":"2 minutos"},"schema":{"@context":"https:\/\/schema.org","@graph":[{"@type":"Article","@id":"https:\/\/scientia.international\/amazonian-emergencies-call-for-chapters-2026\/#article","isPartOf":{"@id":"https:\/\/scientia.international\/amazonian-emergencies-call-for-chapters-2026\/"},"author":{"name":"info@scientia.international","@id":"https:\/\/scientia.international\/es\/#\/schema\/person\/72413c609c997e2c4361d47310a95bc3"},"headline":"Call for Book Chapters | Amazonian Emergencies: Conflicts, Resistances, and Reexistences","datePublished":"2026-01-14T19:33:47+00:00","dateModified":"2026-01-14T21:00:04+00:00","mainEntityOfPage":{"@id":"https:\/\/scientia.international\/amazonian-emergencies-call-for-chapters-2026\/"},"wordCount":412,"commentCount":0,"image":{"@id":"https:\/\/scientia.international\/amazonian-emergencies-call-for-chapters-2026\/#primaryimage"},"thumbnailUrl":"https:\/\/scientia.international\/wp-content\/uploads\/2026\/01\/3.png","keywords":["Amazonian conflicts","Amazonian Emergencies Call for Chapters","Decolonial studies Amazon","Indigenous resistance","Socioenvironmental conflicts"],"articleSection":["Articles","Calls e-books","News"],"inLanguage":"pt-BR","potentialAction":[{"@type":"CommentAction","name":"Comment","target":["https:\/\/scientia.international\/amazonian-emergencies-call-for-chapters-2026\/#respond"]}]},{"@type":"WebPage","@id":"https:\/\/scientia.international\/amazonian-emergencies-call-for-chapters-2026\/","url":"https:\/\/scientia.international\/amazonian-emergencies-call-for-chapters-2026\/","name":"Chamada para Cap\u00edtulos de Livros | Emerg\u00eancias Amaz\u00f4nicas: Conflitos, Resist\u00eancias e Reexist\u00eancias - Scientia International","isPartOf":{"@id":"https:\/\/scientia.international\/es\/#website"},"primaryImageOfPage":{"@id":"https:\/\/scientia.international\/amazonian-emergencies-call-for-chapters-2026\/#primaryimage"},"image":{"@id":"https:\/\/scientia.international\/amazonian-emergencies-call-for-chapters-2026\/#primaryimage"},"thumbnailUrl":"https:\/\/scientia.international\/wp-content\/uploads\/2026\/01\/3.png","datePublished":"2026-01-14T19:33:47+00:00","dateModified":"2026-01-14T21:00:04+00:00","author":{"@id":"https:\/\/scientia.international\/es\/#\/schema\/person\/72413c609c997e2c4361d47310a95bc3"},"breadcrumb":{"@id":"https:\/\/scientia.international\/amazonian-emergencies-call-for-chapters-2026\/#breadcrumb"},"inLanguage":"pt-BR","potentialAction":[{"@type":"ReadAction","target":["https:\/\/scientia.international\/amazonian-emergencies-call-for-chapters-2026\/"]}]},{"@type":"ImageObject","inLanguage":"pt-BR","@id":"https:\/\/scientia.international\/amazonian-emergencies-call-for-chapters-2026\/#primaryimage","url":"https:\/\/scientia.international\/wp-content\/uploads\/2026\/01\/3.png","contentUrl":"https:\/\/scientia.international\/wp-content\/uploads\/2026\/01\/3.png","width":1080,"height":1080,"caption":"Call for chapters: Amazonian Emergencies: Conflicts, Resistances, and Reexistences. Submission deadline: 31 March 2026."},{"@type":"BreadcrumbList","@id":"https:\/\/scientia.international\/amazonian-emergencies-call-for-chapters-2026\/#breadcrumb","itemListElement":[{"@type":"ListItem","position":1,"name":"Home","item":"https:\/\/scientia.international\/"},{"@type":"ListItem","position":2,"name":"Call for Book Chapters | Amazonian Emergencies: Conflicts, Resistances, and Reexistences"}]},{"@type":"WebSite","@id":"https:\/\/scientia.international\/es\/#website","url":"https:\/\/scientia.international\/es\/","name":"Scientia International","description":"Ci\u00eancia global em acesso aberto!","potentialAction":[{"@type":"SearchAction","target":{"@type":"EntryPoint","urlTemplate":"https:\/\/scientia.international\/es\/?s={search_term_string}"},"query-input":{"@type":"PropertyValueSpecification","valueRequired":true,"valueName":"search_term_string"}}],"inLanguage":"pt-BR"},{"@type":"Person","@id":"https:\/\/scientia.international\/es\/#\/schema\/person\/72413c609c997e2c4361d47310a95bc3","name":"info@scientia.international","image":{"@type":"ImageObject","inLanguage":"pt-BR","@id":"https:\/\/secure.gravatar.com\/avatar\/e2905ee8e35925155fce60b7ab0b06923ef51a5547a4e83709855cbfb3156cad?s=96&d=mm&r=g","url":"https:\/\/secure.gravatar.com\/avatar\/e2905ee8e35925155fce60b7ab0b06923ef51a5547a4e83709855cbfb3156cad?s=96&d=mm&r=g","contentUrl":"https:\/\/secure.gravatar.com\/avatar\/e2905ee8e35925155fce60b7ab0b06923ef51a5547a4e83709855cbfb3156cad?s=96&d=mm&r=g","caption":"info@scientia.international"},"sameAs":["https:\/\/scientia.international"],"url":"https:\/\/scientia.international\/pt\/author\/infoscientia-international\/"}]}},"_links":{"self":[{"href":"https:\/\/scientia.international\/pt\/wp-json\/wp\/v2\/posts\/1876","targetHints":{"allow":["GET"]}}],"collection":[{"href":"https:\/\/scientia.international\/pt\/wp-json\/wp\/v2\/posts"}],"about":[{"href":"https:\/\/scientia.international\/pt\/wp-json\/wp\/v2\/types\/post"}],"author":[{"embeddable":true,"href":"https:\/\/scientia.international\/pt\/wp-json\/wp\/v2\/users\/1"}],"replies":[{"embeddable":true,"href":"https:\/\/scientia.international\/pt\/wp-json\/wp\/v2\/comments?post=1876"}],"version-history":[{"count":1,"href":"https:\/\/scientia.international\/pt\/wp-json\/wp\/v2\/posts\/1876\/revisions"}],"predecessor-version":[{"id":1880,"href":"https:\/\/scientia.international\/pt\/wp-json\/wp\/v2\/posts\/1876\/revisions\/1880"}],"wp:featuredmedia":[{"embeddable":true,"href":"https:\/\/scientia.international\/pt\/wp-json\/wp\/v2\/media\/1881"}],"wp:attachment":[{"href":"https:\/\/scientia.international\/pt\/wp-json\/wp\/v2\/media?parent=1876"}],"wp:term":[{"taxonomy":"category","embeddable":true,"href":"https:\/\/scientia.international\/pt\/wp-json\/wp\/v2\/categories?post=1876"},{"taxonomy":"post_tag","embeddable":true,"href":"https:\/\/scientia.international\/pt\/wp-json\/wp\/v2\/tags?post=1876"}],"curies":[{"name":"wp","href":"https:\/\/api.w.org\/{rel}","templated":true}]}}