{"id":1885,"date":"2026-01-14T16:54:01","date_gmt":"2026-01-14T19:54:01","guid":{"rendered":"https:\/\/scientia.international\/?p=1885"},"modified":"2026-01-14T18:00:04","modified_gmt":"2026-01-14T21:00:04","slug":"regimes-repressivos-ideias-conservadoras-call-for-chapters-2026","status":"publish","type":"post","link":"https:\/\/scientia.international\/pt\/repressive-regimes-conservative-ideas-call-for-chapters-2026\/","title":{"rendered":"Chamada para cap\u00edtulos de livros | Repressive Regimes, Conservative Ideas: Networks, Ideologies, and Governments (Redes, Ideologias e Governos)"},"content":{"rendered":"<h3 class=\"wp-block-heading\"><strong>Scientia Global Editions: CLAEC e-Books<\/strong><\/h3>\n\n\n\n<p><strong>Scientia International Press<\/strong>, em parceria com <strong>Editora CLAEC (Centro Latino-Americano de Estudos em Cultura)<\/strong>, anuncia o <strong>Chamada para cap\u00edtulos<\/strong> para o volume coletivo:<\/p>\n\n\n\n<p><strong>Repressive Regimes, Conservative Ideas (Regimes repressivos, ideias conservadoras): Networks, Ideologies, and Governments (Redes, Ideologias e Governos)<\/strong><\/p>\n\n\n\n<p>Este livro faz parte do <strong>Scientia Global Editions: CLAEC e-Books<\/strong> e convida contribui\u00e7\u00f5es cr\u00edticas que examinem as ra\u00edzes hist\u00f3ricas, as conex\u00f5es transnacionais e as reconfigura\u00e7\u00f5es contempor\u00e2neas de regimes repressivos e ideologias conservadoras.<\/p>\n\n\n\n<hr class=\"wp-block-separator has-alpha-channel-opacity\"\/>\n\n\n\n<h3 class=\"wp-block-heading\"><strong>Sobre o livro<\/strong><\/h3>\n\n\n\n<p>Este volume re\u00fane an\u00e1lises de <strong>regimes autorit\u00e1rios e repressivos do s\u00e9culo XX<\/strong> e o <strong>ideias conservadoras, redes pol\u00edticas e legados ideol\u00f3gicos<\/strong> que continuam a moldar o presente.<\/p>\n\n\n\n<p>O livro recebe cap\u00edtulos que exploram ditaduras como as de <strong>Espanha e Portugal a partir da d\u00e9cada de 1930<\/strong>, bem como <strong>Brasil e Argentina a partir da d\u00e9cada de 1960<\/strong>, examinando tanto sua din\u00e2mica interna quanto a <strong>rela\u00e7\u00f5es estabelecidas entre regimes<\/strong>, O senhor pode ter uma vis\u00e3o mais ampla do que o fascismo, incluindo as conex\u00f5es entre o fascismo e o franquismo, o salazarismo e a ditadura militar brasileira e outras redes autorit\u00e1rias transnacionais.<\/p>\n\n\n\n<p>Contribui\u00e7\u00f5es que abordam o <strong>difus\u00e3o de ideias conservadoras ao longo do s\u00e9culo XX<\/strong> e seus <strong>fortalecimento no in\u00edcio do s\u00e9culo 21<\/strong> s\u00e3o especialmente incentivados, incluindo estudos sobre partidos pol\u00edticos, organiza\u00e7\u00f5es e grupos sociais que reivindicam legados ideol\u00f3gicos do fascismo ou do nazismo, ou que buscam <strong>minimizar, relativizar ou negar os crimes cometidos por regimes autorit\u00e1rios<\/strong>.<\/p>\n\n\n\n<p>O livro acolhe abordagens te\u00f3ricas, hist\u00f3ricas, emp\u00edricas e comparativas fundamentadas na <strong>Ci\u00eancias sociais, hist\u00f3ria, ci\u00eancia pol\u00edtica, rela\u00e7\u00f5es internacionais e \u00e1reas afins<\/strong>.<\/p>\n\n\n\n<hr class=\"wp-block-separator has-alpha-channel-opacity\"\/>\n\n\n\n<h3 class=\"wp-block-heading\"><strong>Eixos tem\u00e1ticos (n\u00e3o exaustivos)<\/strong><\/h3>\n\n\n\n<ul class=\"wp-block-list\">\n<li>Regimes autorit\u00e1rios e repressivos no s\u00e9culo XX<\/li>\n\n\n\n<li>Fascismo, franquismo, salazarismo e ditaduras militares<\/li>\n\n\n\n<li>Redes transnacionais entre governos autorit\u00e1rios<\/li>\n\n\n\n<li>Ideologias conservadoras e pensamento pol\u00edtico<\/li>\n\n\n\n<li>Partidos pol\u00edticos e organiza\u00e7\u00f5es ligadas a legados autorit\u00e1rios<\/li>\n\n\n\n<li>Mem\u00f3ria, negacionismo e disputas sobre narrativas hist\u00f3ricas<\/li>\n\n\n\n<li>Continuidades entre as ditaduras do passado e a pol\u00edtica contempor\u00e2nea<\/li>\n\n\n\n<li>A circula\u00e7\u00e3o global de ideias conservadoras e reacion\u00e1rias<\/li>\n<\/ul>\n\n\n\n<hr class=\"wp-block-separator has-alpha-channel-opacity\"\/>\n\n\n\n<h3 class=\"wp-block-heading\"><strong>Editor<\/strong><\/h3>\n\n\n\n<ul class=\"wp-block-list\">\n<li><strong>Dr. Michel Goulart da Silva<\/strong> (UFSC, Brasil)<\/li>\n<\/ul>\n\n\n\n<hr class=\"wp-block-separator has-alpha-channel-opacity\"\/>\n\n\n\n<h3 class=\"wp-block-heading\"><strong>Quem pode enviar<\/strong><\/h3>\n\n\n\n<ul class=\"wp-block-list\">\n<li>Autores com <strong>um grau acad\u00eamico m\u00ednimo de mestrado<\/strong> (com ou sem afilia\u00e7\u00e3o institucional)<\/li>\n\n\n\n<li>Os cap\u00edtulos podem incluir <strong>coautoria com candidatos a doutorado, alunos de mestrado ou alunos de gradua\u00e7\u00e3o<\/strong>, desde que pelo menos um dos autores tenha o t\u00edtulo de mestre<\/li>\n\n\n\n<li>M\u00e1ximo de <strong>cinco autores por cap\u00edtulo<\/strong><\/li>\n<\/ul>\n\n\n\n<hr class=\"wp-block-separator has-alpha-channel-opacity\"\/>\n\n\n\n<h3 class=\"wp-block-heading\"><strong>Idiomas e publica\u00e7\u00f5es multil\u00edngues<\/strong><\/h3>\n\n\n\n<ul class=\"wp-block-list\">\n<li>Submiss\u00f5es aceitas em <strong>Portugu\u00eas, espanhol, ingl\u00eas ou franc\u00eas<\/strong><\/li>\n\n\n\n<li>Todos os cap\u00edtulos aceitos ser\u00e3o <strong>traduzido automaticamente para outro idioma<\/strong>, <strong>sem custo<\/strong><\/li>\n\n\n\n<li>Cada cap\u00edtulo recebe um <strong>DOI individual<\/strong><\/li>\n\n\n\n<li>O e-book receber\u00e1 um <strong>ISBN registrado no Brasil<\/strong><\/li>\n<\/ul>\n\n\n\n<hr class=\"wp-block-separator has-alpha-channel-opacity\"\/>\n\n\n\n<h3 class=\"wp-block-heading\"><strong>Modelo de publica\u00e7\u00e3o e cronograma<\/strong><\/h3>\n\n\n\n<ul class=\"wp-block-list\">\n<li><strong>Fluxo cont\u00ednuo de publica\u00e7\u00f5es<\/strong><\/li>\n\n\n\n<li>Os cap\u00edtulos aprovados s\u00e3o publicados no <strong>Plataforma OMP em at\u00e9 15 dias \u00fateis<\/strong> ap\u00f3s o pagamento da APC e o envio da vers\u00e3o final<\/li>\n\n\n\n<li>O <strong>volume consolidado completo<\/strong> ser\u00e1 publicado pela <strong>31 de maio de 2026<\/strong><\/li>\n<\/ul>\n\n\n\n<hr class=\"wp-block-separator has-alpha-channel-opacity\"\/>\n\n\n\n<h3 class=\"wp-block-heading\"><strong>Taxas de publica\u00e7\u00e3o (por cap\u00edtulo aprovado)<\/strong><\/h3>\n\n\n\n<ul class=\"wp-block-list\">\n<li><strong>Institui\u00e7\u00f5es no Brasil:<\/strong> R$ 400,00<\/li>\n\n\n\n<li><strong>Institui\u00e7\u00f5es fora do Brasil:<\/strong> \u20ac250.00<\/li>\n<\/ul>\n\n\n\n<hr class=\"wp-block-separator has-alpha-channel-opacity\"\/>\n\n\n\n<h3 class=\"wp-block-heading\"><strong>Principais datas e informa\u00e7\u00f5es<\/strong><\/h3>\n\n\n\n<p>\ud83d\udcc5 <strong>Prazo para envio:<\/strong> 31 de mar\u00e7o de 2026<br>\ud83d\udcd8 <strong>Publica\u00e7\u00e3o bil\u00edngue e de acesso aberto<\/strong><br>\ud83d\udcc4 <strong>Licen\u00e7a:<\/strong> Creative Commons CC BY-NC 4.0<\/p>\n\n\n\n<hr class=\"wp-block-separator has-alpha-channel-opacity\"\/>\n\n\n\n<h3 class=\"wp-block-heading\"><strong>Envio e links<\/strong><\/h3>\n\n\n\n<p>\ud83d\udcbb <strong>Envie seu cap\u00edtulo:<\/strong><br><a href=\"https:\/\/forms.office.com\/r\/EV8JX3yAFA\">https:\/\/forms.office.com\/r\/EV8JX3yAFA<\/a><\/p>\n\n\n\n<p>\ud83d\udce5 <strong>Veja esta e outras chamadas abertas:<\/strong><br><a href=\"https:\/\/press.scientia.international\/press\/callsclaec\">https:\/\/press.scientia.international\/press\/callsclaec<\/a><\/p>\n\n\n\n<p>\ud83d\udce7 <strong>Contato:<\/strong><br><a>press@scientia.international<\/a><\/p>","protected":false},"excerpt":{"rendered":"<p>Chamada para cap\u00edtulos sobre regimes autorit\u00e1rios e ideologias conservadoras. Livro eletr\u00f4nico de acesso aberto com DOI, ISBN e publica\u00e7\u00e3o bil\u00edngue.<\/p>","protected":false},"author":1,"featured_media":1877,"comment_status":"open","ping_status":"open","sticky":false,"template":"","format":"standard","meta":{"_mo_disable_npp":"","om_disable_all_campaigns":false,"_monsterinsights_skip_tracking":false,"_monsterinsights_sitenote_active":false,"_monsterinsights_sitenote_note":"","_monsterinsights_sitenote_category":0,"_uf_show_specific_survey":0,"_uf_disable_surveys":false,"footnotes":""},"categories":[16,72,1],"tags":[84,85,86,87,83],"class_list":["post-1885","post","type-post","status-publish","format-standard","has-post-thumbnail","hentry","category-articles","category-calls-ebooks","category-news","tag-authoritarian-regimes","tag-conservative-ideologies","tag-fascism-and-dictatorships","tag-political-repression-studies","tag-repressive-regimes-conservative-ideas-call-for-chapters"],"yoast_head":"<!-- This site is optimized with the Yoast SEO plugin v27.5 - https:\/\/yoast.com\/product\/yoast-seo-wordpress\/ -->\n<title>Call for Book Chapters | Repressive Regimes, Conservative Ideas: Networks, Ideologies, and Governments - Scientia International<\/title>\n<meta name=\"robots\" content=\"index, follow, max-snippet:-1, max-image-preview:large, max-video-preview:-1\" \/>\n<link rel=\"canonical\" href=\"https:\/\/scientia.international\/pt\/regimes-repressivos-ideias-conservadoras-call-for-chapters-2026\/\" \/>\n<meta property=\"og:locale\" content=\"pt_BR\" \/>\n<meta property=\"og:type\" content=\"article\" \/>\n<meta property=\"og:title\" content=\"Call for Book Chapters | Repressive Regimes, Conservative Ideas: Networks, Ideologies, and Governments - Scientia International\" \/>\n<meta property=\"og:description\" content=\"Call for chapters on authoritarian regimes and conservative ideologies. Open-access e-book with DOI, ISBN, and bilingual publication.\" \/>\n<meta property=\"og:url\" content=\"https:\/\/scientia.international\/pt\/regimes-repressivos-ideias-conservadoras-call-for-chapters-2026\/\" \/>\n<meta property=\"og:site_name\" content=\"Scientia International\" \/>\n<meta property=\"article:published_time\" content=\"2026-01-14T19:54:01+00:00\" \/>\n<meta property=\"article:modified_time\" content=\"2026-01-14T21:00:04+00:00\" \/>\n<meta property=\"og:image\" content=\"https:\/\/scientia.international\/wp-content\/uploads\/2026\/01\/1.png\" \/>\n\t<meta property=\"og:image:width\" content=\"1080\" \/>\n\t<meta property=\"og:image:height\" content=\"1080\" \/>\n\t<meta property=\"og:image:type\" content=\"image\/png\" \/>\n<meta name=\"author\" content=\"info@scientia.international\" \/>\n<meta name=\"twitter:card\" content=\"summary_large_image\" \/>\n<meta name=\"twitter:label1\" content=\"Escrito por\" \/>\n\t<meta name=\"twitter:data1\" content=\"info@scientia.international\" \/>\n\t<meta name=\"twitter:label2\" content=\"Est. tempo de leitura\" \/>\n\t<meta name=\"twitter:data2\" content=\"3 minutos\" \/>\n<script type=\"application\/ld+json\" class=\"yoast-schema-graph\">{\"@context\":\"https:\\\/\\\/schema.org\",\"@graph\":[{\"@type\":\"Article\",\"@id\":\"https:\\\/\\\/scientia.international\\\/repressive-regimes-conservative-ideas-call-for-chapters-2026\\\/#article\",\"isPartOf\":{\"@id\":\"https:\\\/\\\/scientia.international\\\/repressive-regimes-conservative-ideas-call-for-chapters-2026\\\/\"},\"author\":{\"name\":\"info@scientia.international\",\"@id\":\"https:\\\/\\\/scientia.international\\\/es\\\/#\\\/schema\\\/person\\\/72413c609c997e2c4361d47310a95bc3\"},\"headline\":\"Call for Book Chapters | Repressive Regimes, Conservative Ideas: Networks, Ideologies, and Governments\",\"datePublished\":\"2026-01-14T19:54:01+00:00\",\"dateModified\":\"2026-01-14T21:00:04+00:00\",\"mainEntityOfPage\":{\"@id\":\"https:\\\/\\\/scientia.international\\\/repressive-regimes-conservative-ideas-call-for-chapters-2026\\\/\"},\"wordCount\":488,\"commentCount\":0,\"image\":{\"@id\":\"https:\\\/\\\/scientia.international\\\/repressive-regimes-conservative-ideas-call-for-chapters-2026\\\/#primaryimage\"},\"thumbnailUrl\":\"https:\\\/\\\/scientia.international\\\/wp-content\\\/uploads\\\/2026\\\/01\\\/1.png\",\"keywords\":[\"Authoritarian regimes\",\"Conservative ideologies\",\"Fascism and dictatorships\",\"Political repression studies\",\"Repressive regimes conservative ideas call for chapters\"],\"articleSection\":[\"Articles\",\"Calls e-books\",\"News\"],\"inLanguage\":\"pt-BR\",\"potentialAction\":[{\"@type\":\"CommentAction\",\"name\":\"Comment\",\"target\":[\"https:\\\/\\\/scientia.international\\\/repressive-regimes-conservative-ideas-call-for-chapters-2026\\\/#respond\"]}]},{\"@type\":\"WebPage\",\"@id\":\"https:\\\/\\\/scientia.international\\\/repressive-regimes-conservative-ideas-call-for-chapters-2026\\\/\",\"url\":\"https:\\\/\\\/scientia.international\\\/repressive-regimes-conservative-ideas-call-for-chapters-2026\\\/\",\"name\":\"Call for Book Chapters | Repressive Regimes, Conservative Ideas: Networks, Ideologies, and Governments - Scientia International\",\"isPartOf\":{\"@id\":\"https:\\\/\\\/scientia.international\\\/es\\\/#website\"},\"primaryImageOfPage\":{\"@id\":\"https:\\\/\\\/scientia.international\\\/repressive-regimes-conservative-ideas-call-for-chapters-2026\\\/#primaryimage\"},\"image\":{\"@id\":\"https:\\\/\\\/scientia.international\\\/repressive-regimes-conservative-ideas-call-for-chapters-2026\\\/#primaryimage\"},\"thumbnailUrl\":\"https:\\\/\\\/scientia.international\\\/wp-content\\\/uploads\\\/2026\\\/01\\\/1.png\",\"datePublished\":\"2026-01-14T19:54:01+00:00\",\"dateModified\":\"2026-01-14T21:00:04+00:00\",\"author\":{\"@id\":\"https:\\\/\\\/scientia.international\\\/es\\\/#\\\/schema\\\/person\\\/72413c609c997e2c4361d47310a95bc3\"},\"breadcrumb\":{\"@id\":\"https:\\\/\\\/scientia.international\\\/repressive-regimes-conservative-ideas-call-for-chapters-2026\\\/#breadcrumb\"},\"inLanguage\":\"pt-BR\",\"potentialAction\":[{\"@type\":\"ReadAction\",\"target\":[\"https:\\\/\\\/scientia.international\\\/repressive-regimes-conservative-ideas-call-for-chapters-2026\\\/\"]}]},{\"@type\":\"ImageObject\",\"inLanguage\":\"pt-BR\",\"@id\":\"https:\\\/\\\/scientia.international\\\/repressive-regimes-conservative-ideas-call-for-chapters-2026\\\/#primaryimage\",\"url\":\"https:\\\/\\\/scientia.international\\\/wp-content\\\/uploads\\\/2026\\\/01\\\/1.png\",\"contentUrl\":\"https:\\\/\\\/scientia.international\\\/wp-content\\\/uploads\\\/2026\\\/01\\\/1.png\",\"width\":1080,\"height\":1080,\"caption\":\"Call for chapters: Repressive Regimes, Conservative Ideas. Submission deadline: 31 March 2026.\"},{\"@type\":\"BreadcrumbList\",\"@id\":\"https:\\\/\\\/scientia.international\\\/repressive-regimes-conservative-ideas-call-for-chapters-2026\\\/#breadcrumb\",\"itemListElement\":[{\"@type\":\"ListItem\",\"position\":1,\"name\":\"Home\",\"item\":\"https:\\\/\\\/scientia.international\\\/\"},{\"@type\":\"ListItem\",\"position\":2,\"name\":\"Call for Book Chapters | Repressive Regimes, Conservative Ideas: Networks, Ideologies, and Governments\"}]},{\"@type\":\"WebSite\",\"@id\":\"https:\\\/\\\/scientia.international\\\/es\\\/#website\",\"url\":\"https:\\\/\\\/scientia.international\\\/es\\\/\",\"name\":\"Scientia International\",\"description\":\"Global science in open access!\",\"potentialAction\":[{\"@type\":\"SearchAction\",\"target\":{\"@type\":\"EntryPoint\",\"urlTemplate\":\"https:\\\/\\\/scientia.international\\\/es\\\/?s={search_term_string}\"},\"query-input\":{\"@type\":\"PropertyValueSpecification\",\"valueRequired\":true,\"valueName\":\"search_term_string\"}}],\"inLanguage\":\"pt-BR\"},{\"@type\":\"Person\",\"@id\":\"https:\\\/\\\/scientia.international\\\/es\\\/#\\\/schema\\\/person\\\/72413c609c997e2c4361d47310a95bc3\",\"name\":\"info@scientia.international\",\"image\":{\"@type\":\"ImageObject\",\"inLanguage\":\"pt-BR\",\"@id\":\"https:\\\/\\\/secure.gravatar.com\\\/avatar\\\/e2905ee8e35925155fce60b7ab0b06923ef51a5547a4e83709855cbfb3156cad?s=96&d=mm&r=g\",\"url\":\"https:\\\/\\\/secure.gravatar.com\\\/avatar\\\/e2905ee8e35925155fce60b7ab0b06923ef51a5547a4e83709855cbfb3156cad?s=96&d=mm&r=g\",\"contentUrl\":\"https:\\\/\\\/secure.gravatar.com\\\/avatar\\\/e2905ee8e35925155fce60b7ab0b06923ef51a5547a4e83709855cbfb3156cad?s=96&d=mm&r=g\",\"caption\":\"info@scientia.international\"},\"sameAs\":[\"https:\\\/\\\/scientia.international\"],\"url\":\"https:\\\/\\\/scientia.international\\\/pt\\\/author\\\/infoscientia-international\\\/\"}]}<\/script>\n<!-- \/ Yoast SEO plugin. -->","yoast_head_json":{"title":"Chamada para cap\u00edtulos de livros | Repressive Regimes, Conservative Ideas: Networks, Ideologies, and Governments - Scientia International","robots":{"index":"index","follow":"follow","max-snippet":"max-snippet:-1","max-image-preview":"max-image-preview:large","max-video-preview":"max-video-preview:-1"},"canonical":"https:\/\/scientia.international\/pt\/regimes-repressivos-ideias-conservadoras-call-for-chapters-2026\/","og_locale":"pt_BR","og_type":"article","og_title":"Call for Book Chapters | Repressive Regimes, Conservative Ideas: Networks, Ideologies, and Governments - Scientia International","og_description":"Call for chapters on authoritarian regimes and conservative ideologies. Open-access e-book with DOI, ISBN, and bilingual publication.","og_url":"https:\/\/scientia.international\/pt\/regimes-repressivos-ideias-conservadoras-call-for-chapters-2026\/","og_site_name":"Scientia International","article_published_time":"2026-01-14T19:54:01+00:00","article_modified_time":"2026-01-14T21:00:04+00:00","og_image":[{"width":1080,"height":1080,"url":"https:\/\/scientia.international\/wp-content\/uploads\/2026\/01\/1.png","type":"image\/png"}],"author":"info@scientia.international","twitter_card":"summary_large_image","twitter_misc":{"Escrito por":"info@scientia.international","Est. tempo de leitura":"3 minutos"},"schema":{"@context":"https:\/\/schema.org","@graph":[{"@type":"Article","@id":"https:\/\/scientia.international\/repressive-regimes-conservative-ideas-call-for-chapters-2026\/#article","isPartOf":{"@id":"https:\/\/scientia.international\/repressive-regimes-conservative-ideas-call-for-chapters-2026\/"},"author":{"name":"info@scientia.international","@id":"https:\/\/scientia.international\/es\/#\/schema\/person\/72413c609c997e2c4361d47310a95bc3"},"headline":"Call for Book Chapters | Repressive Regimes, Conservative Ideas: Networks, Ideologies, and Governments","datePublished":"2026-01-14T19:54:01+00:00","dateModified":"2026-01-14T21:00:04+00:00","mainEntityOfPage":{"@id":"https:\/\/scientia.international\/repressive-regimes-conservative-ideas-call-for-chapters-2026\/"},"wordCount":488,"commentCount":0,"image":{"@id":"https:\/\/scientia.international\/repressive-regimes-conservative-ideas-call-for-chapters-2026\/#primaryimage"},"thumbnailUrl":"https:\/\/scientia.international\/wp-content\/uploads\/2026\/01\/1.png","keywords":["Authoritarian regimes","Conservative ideologies","Fascism and dictatorships","Political repression studies","Repressive regimes conservative ideas call for chapters"],"articleSection":["Articles","Calls e-books","News"],"inLanguage":"pt-BR","potentialAction":[{"@type":"CommentAction","name":"Comment","target":["https:\/\/scientia.international\/repressive-regimes-conservative-ideas-call-for-chapters-2026\/#respond"]}]},{"@type":"WebPage","@id":"https:\/\/scientia.international\/repressive-regimes-conservative-ideas-call-for-chapters-2026\/","url":"https:\/\/scientia.international\/repressive-regimes-conservative-ideas-call-for-chapters-2026\/","name":"Chamada para cap\u00edtulos de livros | Repressive Regimes, Conservative Ideas: Networks, Ideologies, and Governments - Scientia International","isPartOf":{"@id":"https:\/\/scientia.international\/es\/#website"},"primaryImageOfPage":{"@id":"https:\/\/scientia.international\/repressive-regimes-conservative-ideas-call-for-chapters-2026\/#primaryimage"},"image":{"@id":"https:\/\/scientia.international\/repressive-regimes-conservative-ideas-call-for-chapters-2026\/#primaryimage"},"thumbnailUrl":"https:\/\/scientia.international\/wp-content\/uploads\/2026\/01\/1.png","datePublished":"2026-01-14T19:54:01+00:00","dateModified":"2026-01-14T21:00:04+00:00","author":{"@id":"https:\/\/scientia.international\/es\/#\/schema\/person\/72413c609c997e2c4361d47310a95bc3"},"breadcrumb":{"@id":"https:\/\/scientia.international\/repressive-regimes-conservative-ideas-call-for-chapters-2026\/#breadcrumb"},"inLanguage":"pt-BR","potentialAction":[{"@type":"ReadAction","target":["https:\/\/scientia.international\/repressive-regimes-conservative-ideas-call-for-chapters-2026\/"]}]},{"@type":"ImageObject","inLanguage":"pt-BR","@id":"https:\/\/scientia.international\/repressive-regimes-conservative-ideas-call-for-chapters-2026\/#primaryimage","url":"https:\/\/scientia.international\/wp-content\/uploads\/2026\/01\/1.png","contentUrl":"https:\/\/scientia.international\/wp-content\/uploads\/2026\/01\/1.png","width":1080,"height":1080,"caption":"Call for chapters: Repressive Regimes, Conservative Ideas. Submission deadline: 31 March 2026."},{"@type":"BreadcrumbList","@id":"https:\/\/scientia.international\/repressive-regimes-conservative-ideas-call-for-chapters-2026\/#breadcrumb","itemListElement":[{"@type":"ListItem","position":1,"name":"Home","item":"https:\/\/scientia.international\/"},{"@type":"ListItem","position":2,"name":"Call for Book Chapters | Repressive Regimes, Conservative Ideas: Networks, Ideologies, and Governments"}]},{"@type":"WebSite","@id":"https:\/\/scientia.international\/es\/#website","url":"https:\/\/scientia.international\/es\/","name":"Scientia International","description":"Ci\u00eancia global em acesso aberto!","potentialAction":[{"@type":"SearchAction","target":{"@type":"EntryPoint","urlTemplate":"https:\/\/scientia.international\/es\/?s={search_term_string}"},"query-input":{"@type":"PropertyValueSpecification","valueRequired":true,"valueName":"search_term_string"}}],"inLanguage":"pt-BR"},{"@type":"Person","@id":"https:\/\/scientia.international\/es\/#\/schema\/person\/72413c609c997e2c4361d47310a95bc3","name":"info@scientia.international","image":{"@type":"ImageObject","inLanguage":"pt-BR","@id":"https:\/\/secure.gravatar.com\/avatar\/e2905ee8e35925155fce60b7ab0b06923ef51a5547a4e83709855cbfb3156cad?s=96&d=mm&r=g","url":"https:\/\/secure.gravatar.com\/avatar\/e2905ee8e35925155fce60b7ab0b06923ef51a5547a4e83709855cbfb3156cad?s=96&d=mm&r=g","contentUrl":"https:\/\/secure.gravatar.com\/avatar\/e2905ee8e35925155fce60b7ab0b06923ef51a5547a4e83709855cbfb3156cad?s=96&d=mm&r=g","caption":"info@scientia.international"},"sameAs":["https:\/\/scientia.international"],"url":"https:\/\/scientia.international\/pt\/author\/infoscientia-international\/"}]}},"_links":{"self":[{"href":"https:\/\/scientia.international\/pt\/wp-json\/wp\/v2\/posts\/1885","targetHints":{"allow":["GET"]}}],"collection":[{"href":"https:\/\/scientia.international\/pt\/wp-json\/wp\/v2\/posts"}],"about":[{"href":"https:\/\/scientia.international\/pt\/wp-json\/wp\/v2\/types\/post"}],"author":[{"embeddable":true,"href":"https:\/\/scientia.international\/pt\/wp-json\/wp\/v2\/users\/1"}],"replies":[{"embeddable":true,"href":"https:\/\/scientia.international\/pt\/wp-json\/wp\/v2\/comments?post=1885"}],"version-history":[{"count":1,"href":"https:\/\/scientia.international\/pt\/wp-json\/wp\/v2\/posts\/1885\/revisions"}],"predecessor-version":[{"id":1886,"href":"https:\/\/scientia.international\/pt\/wp-json\/wp\/v2\/posts\/1885\/revisions\/1886"}],"wp:featuredmedia":[{"embeddable":true,"href":"https:\/\/scientia.international\/pt\/wp-json\/wp\/v2\/media\/1877"}],"wp:attachment":[{"href":"https:\/\/scientia.international\/pt\/wp-json\/wp\/v2\/media?parent=1885"}],"wp:term":[{"taxonomy":"category","embeddable":true,"href":"https:\/\/scientia.international\/pt\/wp-json\/wp\/v2\/categories?post=1885"},{"taxonomy":"post_tag","embeddable":true,"href":"https:\/\/scientia.international\/pt\/wp-json\/wp\/v2\/tags?post=1885"}],"curies":[{"name":"wp","href":"https:\/\/api.w.org\/{rel}","templated":true}]}}